{"id":16141,"date":"2022-10-24T13:19:31","date_gmt":"2022-10-24T11:19:31","guid":{"rendered":"https:\/\/restaurantereinaelisenda.com\/?p=16141"},"modified":"2025-10-31T14:54:34","modified_gmt":"2025-10-31T13:54:34","slug":"unes-postres-molt-nostres-crema-catalana-amb-carquinyoli","status":"publish","type":"post","link":"https:\/\/restaurantereinaelisenda.com\/ca\/unes-postres-molt-nostres-crema-catalana-amb-carquinyoli\/","title":{"rendered":"Unes postres molt nostres: Crema catalana amb carquinyoli"},"content":{"rendered":"<div class=\"fusion-fullwidth fullwidth-box fusion-builder-row-1 fusion-flex-container has-pattern-background has-mask-background nonhundred-percent-fullwidth non-hundred-percent-height-scrolling\" style=\"--link_hover_color: var(--awb-color8);--link_color: var(--awb-color3);--awb-border-radius-top-left:0px;--awb-border-radius-top-right:0px;--awb-border-radius-bottom-right:0px;--awb-border-radius-bottom-left:0px;--awb-padding-top:0%;--awb-padding-bottom:0%;--awb-flex-wrap:wrap;\" ><div class=\"fusion-builder-row fusion-row fusion-flex-align-items-flex-start fusion-flex-content-wrap\" style=\"max-width:1539.2px;margin-left: calc(-4% \/ 2 );margin-right: calc(-4% \/ 2 );\"><div class=\"fusion-layout-column fusion_builder_column fusion-builder-column-0 fusion_builder_column_1_2 1_2 fusion-flex-column\" style=\"--awb-bg-size:cover;--awb-width-large:50%;--awb-margin-top-large:0px;--awb-spacing-right-large:3.84%;--awb-margin-bottom-large:0%;--awb-spacing-left-large:3.84%;--awb-width-medium:50%;--awb-order-medium:0;--awb-spacing-right-medium:3.84%;--awb-spacing-left-medium:3.84%;--awb-width-small:100%;--awb-order-small:0;--awb-spacing-right-small:1.92%;--awb-spacing-left-small:1.92%;\"><div class=\"fusion-column-wrapper fusion-column-has-shadow fusion-flex-justify-content-flex-start fusion-content-layout-column\"><div class=\"fusion-text fusion-text-1\" style=\"--awb-font-size:var(--awb-typography4-font-size);--awb-line-height:var(--awb-typography4-line-height);--awb-letter-spacing:var(--awb-typography4-letter-spacing);--awb-text-transform:var(--awb-typography4-text-transform);--awb-text-font-family:var(--awb-typography4-font-family);--awb-text-font-weight:var(--awb-typography4-font-weight);--awb-text-font-style:var(--awb-typography4-font-style);\"><p>La crema catalana \u00e9s una de les postres m\u00e9s t\u00edpiques de Catalunya. Unes postres estrella de la nostra gastronomia que no necessita presentaci\u00f3. Al <strong>Restaurant Reina Elisenda de Montcada<\/strong> servim crema catalana d&#8217;elaboraci\u00f3 100% casolana amb el seu carquinyoli.<\/p>\n<p>La crema catalana t\u00e9 una textura suau, espessa i cremosa, i el sabor irresistible de les aromes de la canyella i c\u00edtrics. La capa cruixent de sucre caramel\u00b7litzat \u00e9s el fermall d&#8217;una recepta rodona.<\/p>\n<p>Els carquinyolis s\u00f3n una biscota seca i dol\u00e7 elaborat amb ametlles que tenen un sabor molt particular. Amb la crema catalana formen una combinaci\u00f3 insuperable.<\/p>\n<\/div><\/div><\/div><div class=\"fusion-layout-column fusion_builder_column fusion-builder-column-1 fusion_builder_column_1_2 1_2 fusion-flex-column fusion-flex-align-self-stretch\" style=\"--awb-bg-size:cover;--awb-width-large:50%;--awb-margin-top-large:0px;--awb-spacing-right-large:3.84%;--awb-margin-bottom-large:0%;--awb-spacing-left-large:3.84%;--awb-width-medium:50%;--awb-order-medium:0;--awb-spacing-right-medium:3.84%;--awb-spacing-left-medium:3.84%;--awb-width-small:100%;--awb-order-small:0;--awb-spacing-right-small:1.92%;--awb-spacing-left-small:1.92%;\" data-scroll-devices=\"small-visibility,medium-visibility,large-visibility\"><div class=\"fusion-column-wrapper fusion-column-has-shadow fusion-flex-justify-content-center fusion-content-layout-column\"><div class=\"fusion-image-element \" style=\"--awb-aspect-ratio:4 \/ 3;--awb-caption-title-font-family:var(--h2_typography-font-family);--awb-caption-title-font-weight:var(--h2_typography-font-weight);--awb-caption-title-font-style:var(--h2_typography-font-style);--awb-caption-title-size:var(--h2_typography-font-size);--awb-caption-title-transform:var(--h2_typography-text-transform);--awb-caption-title-line-height:var(--h2_typography-line-height);--awb-caption-title-letter-spacing:var(--h2_typography-letter-spacing);\"><span class=\" fusion-imageframe imageframe-none imageframe-1 hover-type-none has-aspect-ratio\"><img decoding=\"async\" width=\"595\" height=\"682\" alt=\"Postres y cocktails - Restaurante Reina Elisenda (Montcada i Reixac)\" title=\"Postres y cocktails &#8211; Restaurante Reina Elisenda (Montcada i Reixac)\" src=\"https:\/\/restaurantereinaelisenda.com\/wp-content\/uploads\/crema-catalana.webp\" class=\"img-responsive wp-image-16140 img-with-aspect-ratio\" data-parent-fit=\"cover\" data-parent-container=\".fusion-image-element\" srcset=\"https:\/\/restaurantereinaelisenda.com\/wp-content\/uploads\/crema-catalana-200x229.webp 200w, https:\/\/restaurantereinaelisenda.com\/wp-content\/uploads\/crema-catalana-400x458.webp 400w, https:\/\/restaurantereinaelisenda.com\/wp-content\/uploads\/crema-catalana.webp 595w\" sizes=\"(max-width: 640px) 100vw, 595px\" \/><\/span><\/div><\/div><\/div><div class=\"fusion-layout-column fusion_builder_column fusion-builder-column-2 fusion_builder_column_1_2 1_2 fusion-flex-column fusion-flex-align-self-stretch\" style=\"--awb-bg-size:cover;--awb-width-large:50%;--awb-margin-top-large:0px;--awb-spacing-right-large:3.84%;--awb-margin-bottom-large:0%;--awb-spacing-left-large:3.84%;--awb-width-medium:50%;--awb-order-medium:0;--awb-spacing-right-medium:3.84%;--awb-spacing-left-medium:3.84%;--awb-width-small:100%;--awb-order-small:1;--awb-spacing-right-small:1.92%;--awb-spacing-left-small:1.92%;\" data-scroll-devices=\"small-visibility,medium-visibility,large-visibility\"><div class=\"fusion-column-wrapper fusion-column-has-shadow fusion-flex-justify-content-center fusion-content-layout-column\"><div class=\"fusion-image-element \" style=\"--awb-caption-title-font-family:var(--h2_typography-font-family);--awb-caption-title-font-weight:var(--h2_typography-font-weight);--awb-caption-title-font-style:var(--h2_typography-font-style);--awb-caption-title-size:var(--h2_typography-font-size);--awb-caption-title-transform:var(--h2_typography-text-transform);--awb-caption-title-line-height:var(--h2_typography-line-height);--awb-caption-title-letter-spacing:var(--h2_typography-letter-spacing);\"><span class=\" fusion-imageframe imageframe-none imageframe-2 hover-type-none\"><img decoding=\"async\" width=\"768\" height=\"510\" alt=\"Curiosidades de la crema catalana\" title=\"Curiosidades de la crema catalana\" src=\"https:\/\/restaurantereinaelisenda.com\/wp-content\/uploads\/crema-catalana-2-2-768x510-1.webp\" class=\"img-responsive wp-image-16139\" srcset=\"https:\/\/restaurantereinaelisenda.com\/wp-content\/uploads\/crema-catalana-2-2-768x510-1-200x133.webp 200w, https:\/\/restaurantereinaelisenda.com\/wp-content\/uploads\/crema-catalana-2-2-768x510-1-400x266.webp 400w, https:\/\/restaurantereinaelisenda.com\/wp-content\/uploads\/crema-catalana-2-2-768x510-1-600x398.webp 600w, https:\/\/restaurantereinaelisenda.com\/wp-content\/uploads\/crema-catalana-2-2-768x510-1.webp 768w\" sizes=\"(max-width: 640px) 100vw, 768px\" \/><\/span><\/div><\/div><\/div><div class=\"fusion-layout-column fusion_builder_column fusion-builder-column-3 fusion_builder_column_1_2 1_2 fusion-flex-column\" style=\"--awb-bg-size:cover;--awb-width-large:50%;--awb-margin-top-large:50px;--awb-spacing-right-large:3.84%;--awb-margin-bottom-large:0%;--awb-spacing-left-large:3.84%;--awb-width-medium:50%;--awb-order-medium:0;--awb-spacing-right-medium:3.84%;--awb-spacing-left-medium:3.84%;--awb-width-small:100%;--awb-order-small:0;--awb-spacing-right-small:1.92%;--awb-spacing-left-small:1.92%;\"><div class=\"fusion-column-wrapper fusion-column-has-shadow fusion-flex-justify-content-flex-start fusion-content-layout-column\"><div class=\"fusion-title title fusion-title-1 fusion-sep-none fusion-title-text fusion-title-size-two titlehand\" style=\"--awb-text-color:var(--awb-color3);--awb-margin-top:0px;--awb-margin-bottom:30px;--awb-margin-top-small:10px;--awb-margin-right-small:0px;--awb-margin-bottom-small:10px;--awb-margin-left-small:0px;--awb-font-size:40px;\"><h2 class=\"fusion-title-heading title-heading-left fusion-responsive-typography-calculated\" style=\"font-family:var(--awb-typography5-font-family);font-weight:var(--awb-typography5-font-weight);font-style:var(--awb-typography5-font-style);margin:0;letter-spacing:var(--awb-typography5-letter-spacing);text-transform:var(--awb-typography5-text-transform);font-size:1em;--fontSize:40;line-height:var(--awb-typography5-line-height);\">Curiositats de la crema catalana\u2026 Ho sabies?<\/h2><\/div><div class=\"fusion-text fusion-text-2\"><p><strong>1\/<\/strong> Com ocorre amb tants dol\u00e7os gastron\u00f2mics, la<strong> crema catalana<\/strong> s'associa a una festivitat. En aquest cas, es el dia de Sant Josep (19 de mar\u00e7), era les postres tradicionals del dia del pare. Per aix\u00f2, la crema catalana tamb\u00e9 es coneix com \"Crema de Sant Josep\". Afortunadament, tenim la sort de poder gaudir d'ella tot l'any.<\/p>\n<p><strong>2\/<\/strong> La crema catalana no \u00e9s unes postres d'invenci\u00f3 recent, ni molt menys. En el \"Llibre de Sent Sov\u00ed\" un receptari de cuina medieval del segle XIV, ja apareixen receptes molt similars a la crema catalana actual, encara que ha evolucionat. El principal canvi \u00e9s la introducci\u00f3 del sucre refinat, que ha endolcit la recepta de les cremes originals.<\/p>\n<\/div><\/div><\/div><\/div><\/div>\n","protected":false},"excerpt":{"rendered":"","protected":false},"author":1,"featured_media":16140,"comment_status":"closed","ping_status":"closed","sticky":false,"template":"","format":"standard","meta":{"_acf_changed":false,"footnotes":""},"categories":[29],"tags":[],"class_list":["post-16141","post","type-post","status-publish","format-standard","has-post-thumbnail","hentry","category-blog-cat"],"acf":[],"yoast_head":"<!-- This site is optimized with the Yoast SEO plugin v27.4 - https:\/\/yoast.com\/product\/yoast-seo-wordpress\/ -->\n<title>Crema catalana amb carquinyoli - Les postres del Restaurant Reina Elisenda<\/title>\n<meta name=\"description\" content=\"Unes postres que no pot faltar en la nostra carta: la tradicional crema catalana amb carquinyoli. Coneixes aquestes curiositats?\" \/>\n<meta name=\"robots\" content=\"index, follow, max-snippet:-1, max-image-preview:large, max-video-preview:-1\" \/>\n<link rel=\"canonical\" href=\"https:\/\/restaurantereinaelisenda.com\/ca\/unes-postres-molt-nostres-crema-catalana-amb-carquinyoli\/\" \/>\n<meta property=\"og:locale\" content=\"ca_ES\" \/>\n<meta property=\"og:type\" content=\"article\" \/>\n<meta property=\"og:title\" content=\"Crema catalana amb carquinyoli - Les postres del Restaurant Reina Elisenda\" \/>\n<meta property=\"og:description\" content=\"Unes postres que no pot faltar en la nostra carta: la tradicional crema catalana amb carquinyoli. Coneixes aquestes curiositats?\" \/>\n<meta property=\"og:url\" content=\"https:\/\/restaurantereinaelisenda.com\/ca\/unes-postres-molt-nostres-crema-catalana-amb-carquinyoli\/\" \/>\n<meta property=\"og:site_name\" content=\"Reina Elisenda\" \/>\n<meta property=\"article:published_time\" content=\"2022-10-24T11:19:31+00:00\" \/>\n<meta property=\"article:modified_time\" content=\"2025-10-31T13:54:34+00:00\" \/>\n<meta property=\"og:image\" content=\"https:\/\/restaurantereinaelisenda.com\/wp-content\/uploads\/crema-catalana.webp\" \/>\n\t<meta property=\"og:image:width\" content=\"595\" \/>\n\t<meta property=\"og:image:height\" content=\"682\" \/>\n\t<meta property=\"og:image:type\" content=\"image\/webp\" \/>\n<meta name=\"author\" content=\"Reina Elisenda\" \/>\n<meta name=\"twitter:card\" content=\"summary_large_image\" \/>\n<meta name=\"twitter:label1\" content=\"Escrit per\" \/>\n\t<meta name=\"twitter:data1\" content=\"Reina Elisenda\" \/>\n\t<meta name=\"twitter:label2\" content=\"Temps estimat de lectura\" \/>\n\t<meta name=\"twitter:data2\" content=\"2 minuts\" \/>\n<script type=\"application\/ld+json\" class=\"yoast-schema-graph\">{\"@context\":\"https:\\\/\\\/schema.org\",\"@graph\":[{\"@type\":\"Article\",\"@id\":\"https:\\\/\\\/restaurantereinaelisenda.com\\\/ca\\\/unes-postres-molt-nostres-crema-catalana-amb-carquinyoli\\\/#article\",\"isPartOf\":{\"@id\":\"https:\\\/\\\/restaurantereinaelisenda.com\\\/ca\\\/unes-postres-molt-nostres-crema-catalana-amb-carquinyoli\\\/\"},\"author\":{\"name\":\"Reina Elisenda\",\"@id\":\"https:\\\/\\\/restaurantereinaelisenda.com\\\/ca\\\/#\\\/schema\\\/person\\\/c7944db0680f09dbd12c7bf964cccdfa\"},\"headline\":\"Unes postres molt nostres: Crema catalana amb carquinyoli\",\"datePublished\":\"2022-10-24T11:19:31+00:00\",\"dateModified\":\"2025-10-31T13:54:34+00:00\",\"mainEntityOfPage\":{\"@id\":\"https:\\\/\\\/restaurantereinaelisenda.com\\\/ca\\\/unes-postres-molt-nostres-crema-catalana-amb-carquinyoli\\\/\"},\"wordCount\":2255,\"image\":{\"@id\":\"https:\\\/\\\/restaurantereinaelisenda.com\\\/ca\\\/unes-postres-molt-nostres-crema-catalana-amb-carquinyoli\\\/#primaryimage\"},\"thumbnailUrl\":\"https:\\\/\\\/restaurantereinaelisenda.com\\\/wp-content\\\/uploads\\\/crema-catalana.webp\",\"articleSection\":[\"Blog CAT\"],\"inLanguage\":\"ca\"},{\"@type\":\"WebPage\",\"@id\":\"https:\\\/\\\/restaurantereinaelisenda.com\\\/ca\\\/unes-postres-molt-nostres-crema-catalana-amb-carquinyoli\\\/\",\"url\":\"https:\\\/\\\/restaurantereinaelisenda.com\\\/ca\\\/unes-postres-molt-nostres-crema-catalana-amb-carquinyoli\\\/\",\"name\":\"Crema catalana amb carquinyoli - Les postres del Restaurant Reina Elisenda\",\"isPartOf\":{\"@id\":\"https:\\\/\\\/restaurantereinaelisenda.com\\\/ca\\\/#website\"},\"primaryImageOfPage\":{\"@id\":\"https:\\\/\\\/restaurantereinaelisenda.com\\\/ca\\\/unes-postres-molt-nostres-crema-catalana-amb-carquinyoli\\\/#primaryimage\"},\"image\":{\"@id\":\"https:\\\/\\\/restaurantereinaelisenda.com\\\/ca\\\/unes-postres-molt-nostres-crema-catalana-amb-carquinyoli\\\/#primaryimage\"},\"thumbnailUrl\":\"https:\\\/\\\/restaurantereinaelisenda.com\\\/wp-content\\\/uploads\\\/crema-catalana.webp\",\"datePublished\":\"2022-10-24T11:19:31+00:00\",\"dateModified\":\"2025-10-31T13:54:34+00:00\",\"author\":{\"@id\":\"https:\\\/\\\/restaurantereinaelisenda.com\\\/ca\\\/#\\\/schema\\\/person\\\/c7944db0680f09dbd12c7bf964cccdfa\"},\"description\":\"Unes postres que no pot faltar en la nostra carta: la tradicional crema catalana amb carquinyoli. Coneixes aquestes curiositats?\",\"breadcrumb\":{\"@id\":\"https:\\\/\\\/restaurantereinaelisenda.com\\\/ca\\\/unes-postres-molt-nostres-crema-catalana-amb-carquinyoli\\\/#breadcrumb\"},\"inLanguage\":\"ca\",\"potentialAction\":[{\"@type\":\"ReadAction\",\"target\":[\"https:\\\/\\\/restaurantereinaelisenda.com\\\/ca\\\/unes-postres-molt-nostres-crema-catalana-amb-carquinyoli\\\/\"]}]},{\"@type\":\"ImageObject\",\"inLanguage\":\"ca\",\"@id\":\"https:\\\/\\\/restaurantereinaelisenda.com\\\/ca\\\/unes-postres-molt-nostres-crema-catalana-amb-carquinyoli\\\/#primaryimage\",\"url\":\"https:\\\/\\\/restaurantereinaelisenda.com\\\/wp-content\\\/uploads\\\/crema-catalana.webp\",\"contentUrl\":\"https:\\\/\\\/restaurantereinaelisenda.com\\\/wp-content\\\/uploads\\\/crema-catalana.webp\",\"width\":595,\"height\":682,\"caption\":\"Postres y cocktails - Restaurante Reina Elisenda (Montcada i Reixac)\"},{\"@type\":\"BreadcrumbList\",\"@id\":\"https:\\\/\\\/restaurantereinaelisenda.com\\\/ca\\\/unes-postres-molt-nostres-crema-catalana-amb-carquinyoli\\\/#breadcrumb\",\"itemListElement\":[{\"@type\":\"ListItem\",\"position\":1,\"name\":\"Inicio\",\"item\":\"https:\\\/\\\/restaurantereinaelisenda.com\\\/ca\\\/\"},{\"@type\":\"ListItem\",\"position\":2,\"name\":\"Unes postres molt nostres: Crema catalana amb carquinyoli\"}]},{\"@type\":\"WebSite\",\"@id\":\"https:\\\/\\\/restaurantereinaelisenda.com\\\/ca\\\/#website\",\"url\":\"https:\\\/\\\/restaurantereinaelisenda.com\\\/ca\\\/\",\"name\":\"Reina Elisenda\",\"description\":\"\",\"potentialAction\":[{\"@type\":\"SearchAction\",\"target\":{\"@type\":\"EntryPoint\",\"urlTemplate\":\"https:\\\/\\\/restaurantereinaelisenda.com\\\/ca\\\/?s={search_term_string}\"},\"query-input\":{\"@type\":\"PropertyValueSpecification\",\"valueRequired\":true,\"valueName\":\"search_term_string\"}}],\"inLanguage\":\"ca\"},{\"@type\":\"Person\",\"@id\":\"https:\\\/\\\/restaurantereinaelisenda.com\\\/ca\\\/#\\\/schema\\\/person\\\/c7944db0680f09dbd12c7bf964cccdfa\",\"name\":\"Reina Elisenda\",\"sameAs\":[\"https:\\\/\\\/restaurantereinaelisenda.com\"],\"url\":\"https:\\\/\\\/restaurantereinaelisenda.com\\\/ca\\\/author\\\/qualitywp\\\/\"}]}<\/script>\n<!-- \/ Yoast SEO plugin. -->","yoast_head_json":{"title":"Crema catalana amb carquinyoli - Les postres del Restaurant Reina Elisenda","description":"Unes postres que no pot faltar en la nostra carta: la tradicional crema catalana amb carquinyoli. Coneixes aquestes curiositats?","robots":{"index":"index","follow":"follow","max-snippet":"max-snippet:-1","max-image-preview":"max-image-preview:large","max-video-preview":"max-video-preview:-1"},"canonical":"https:\/\/restaurantereinaelisenda.com\/ca\/unes-postres-molt-nostres-crema-catalana-amb-carquinyoli\/","og_locale":"ca_ES","og_type":"article","og_title":"Crema catalana amb carquinyoli - Les postres del Restaurant Reina Elisenda","og_description":"Unes postres que no pot faltar en la nostra carta: la tradicional crema catalana amb carquinyoli. Coneixes aquestes curiositats?","og_url":"https:\/\/restaurantereinaelisenda.com\/ca\/unes-postres-molt-nostres-crema-catalana-amb-carquinyoli\/","og_site_name":"Reina Elisenda","article_published_time":"2022-10-24T11:19:31+00:00","article_modified_time":"2025-10-31T13:54:34+00:00","og_image":[{"width":595,"height":682,"url":"https:\/\/restaurantereinaelisenda.com\/wp-content\/uploads\/crema-catalana.webp","type":"image\/webp"}],"author":"Reina Elisenda","twitter_card":"summary_large_image","twitter_misc":{"Escrit per":"Reina Elisenda","Temps estimat de lectura":"2 minuts"},"schema":{"@context":"https:\/\/schema.org","@graph":[{"@type":"Article","@id":"https:\/\/restaurantereinaelisenda.com\/ca\/unes-postres-molt-nostres-crema-catalana-amb-carquinyoli\/#article","isPartOf":{"@id":"https:\/\/restaurantereinaelisenda.com\/ca\/unes-postres-molt-nostres-crema-catalana-amb-carquinyoli\/"},"author":{"name":"Reina Elisenda","@id":"https:\/\/restaurantereinaelisenda.com\/ca\/#\/schema\/person\/c7944db0680f09dbd12c7bf964cccdfa"},"headline":"Unes postres molt nostres: Crema catalana amb carquinyoli","datePublished":"2022-10-24T11:19:31+00:00","dateModified":"2025-10-31T13:54:34+00:00","mainEntityOfPage":{"@id":"https:\/\/restaurantereinaelisenda.com\/ca\/unes-postres-molt-nostres-crema-catalana-amb-carquinyoli\/"},"wordCount":2255,"image":{"@id":"https:\/\/restaurantereinaelisenda.com\/ca\/unes-postres-molt-nostres-crema-catalana-amb-carquinyoli\/#primaryimage"},"thumbnailUrl":"https:\/\/restaurantereinaelisenda.com\/wp-content\/uploads\/crema-catalana.webp","articleSection":["Blog CAT"],"inLanguage":"ca"},{"@type":"WebPage","@id":"https:\/\/restaurantereinaelisenda.com\/ca\/unes-postres-molt-nostres-crema-catalana-amb-carquinyoli\/","url":"https:\/\/restaurantereinaelisenda.com\/ca\/unes-postres-molt-nostres-crema-catalana-amb-carquinyoli\/","name":"Crema catalana amb carquinyoli - Les postres del Restaurant Reina Elisenda","isPartOf":{"@id":"https:\/\/restaurantereinaelisenda.com\/ca\/#website"},"primaryImageOfPage":{"@id":"https:\/\/restaurantereinaelisenda.com\/ca\/unes-postres-molt-nostres-crema-catalana-amb-carquinyoli\/#primaryimage"},"image":{"@id":"https:\/\/restaurantereinaelisenda.com\/ca\/unes-postres-molt-nostres-crema-catalana-amb-carquinyoli\/#primaryimage"},"thumbnailUrl":"https:\/\/restaurantereinaelisenda.com\/wp-content\/uploads\/crema-catalana.webp","datePublished":"2022-10-24T11:19:31+00:00","dateModified":"2025-10-31T13:54:34+00:00","author":{"@id":"https:\/\/restaurantereinaelisenda.com\/ca\/#\/schema\/person\/c7944db0680f09dbd12c7bf964cccdfa"},"description":"Unes postres que no pot faltar en la nostra carta: la tradicional crema catalana amb carquinyoli. Coneixes aquestes curiositats?","breadcrumb":{"@id":"https:\/\/restaurantereinaelisenda.com\/ca\/unes-postres-molt-nostres-crema-catalana-amb-carquinyoli\/#breadcrumb"},"inLanguage":"ca","potentialAction":[{"@type":"ReadAction","target":["https:\/\/restaurantereinaelisenda.com\/ca\/unes-postres-molt-nostres-crema-catalana-amb-carquinyoli\/"]}]},{"@type":"ImageObject","inLanguage":"ca","@id":"https:\/\/restaurantereinaelisenda.com\/ca\/unes-postres-molt-nostres-crema-catalana-amb-carquinyoli\/#primaryimage","url":"https:\/\/restaurantereinaelisenda.com\/wp-content\/uploads\/crema-catalana.webp","contentUrl":"https:\/\/restaurantereinaelisenda.com\/wp-content\/uploads\/crema-catalana.webp","width":595,"height":682,"caption":"Postres y cocktails - Restaurante Reina Elisenda (Montcada i Reixac)"},{"@type":"BreadcrumbList","@id":"https:\/\/restaurantereinaelisenda.com\/ca\/unes-postres-molt-nostres-crema-catalana-amb-carquinyoli\/#breadcrumb","itemListElement":[{"@type":"ListItem","position":1,"name":"Inicio","item":"https:\/\/restaurantereinaelisenda.com\/ca\/"},{"@type":"ListItem","position":2,"name":"Unes postres molt nostres: Crema catalana amb carquinyoli"}]},{"@type":"WebSite","@id":"https:\/\/restaurantereinaelisenda.com\/ca\/#website","url":"https:\/\/restaurantereinaelisenda.com\/ca\/","name":"Reina Elisenda","description":"","potentialAction":[{"@type":"SearchAction","target":{"@type":"EntryPoint","urlTemplate":"https:\/\/restaurantereinaelisenda.com\/ca\/?s={search_term_string}"},"query-input":{"@type":"PropertyValueSpecification","valueRequired":true,"valueName":"search_term_string"}}],"inLanguage":"ca"},{"@type":"Person","@id":"https:\/\/restaurantereinaelisenda.com\/ca\/#\/schema\/person\/c7944db0680f09dbd12c7bf964cccdfa","name":"Reina Elisenda","sameAs":["https:\/\/restaurantereinaelisenda.com"],"url":"https:\/\/restaurantereinaelisenda.com\/ca\/author\/qualitywp\/"}]}},"_links":{"self":[{"href":"https:\/\/restaurantereinaelisenda.com\/ca\/wp-json\/wp\/v2\/posts\/16141","targetHints":{"allow":["GET"]}}],"collection":[{"href":"https:\/\/restaurantereinaelisenda.com\/ca\/wp-json\/wp\/v2\/posts"}],"about":[{"href":"https:\/\/restaurantereinaelisenda.com\/ca\/wp-json\/wp\/v2\/types\/post"}],"author":[{"embeddable":true,"href":"https:\/\/restaurantereinaelisenda.com\/ca\/wp-json\/wp\/v2\/users\/1"}],"replies":[{"embeddable":true,"href":"https:\/\/restaurantereinaelisenda.com\/ca\/wp-json\/wp\/v2\/comments?post=16141"}],"version-history":[{"count":4,"href":"https:\/\/restaurantereinaelisenda.com\/ca\/wp-json\/wp\/v2\/posts\/16141\/revisions"}],"predecessor-version":[{"id":16756,"href":"https:\/\/restaurantereinaelisenda.com\/ca\/wp-json\/wp\/v2\/posts\/16141\/revisions\/16756"}],"wp:featuredmedia":[{"embeddable":true,"href":"https:\/\/restaurantereinaelisenda.com\/ca\/wp-json\/wp\/v2\/media\/16140"}],"wp:attachment":[{"href":"https:\/\/restaurantereinaelisenda.com\/ca\/wp-json\/wp\/v2\/media?parent=16141"}],"wp:term":[{"taxonomy":"category","embeddable":true,"href":"https:\/\/restaurantereinaelisenda.com\/ca\/wp-json\/wp\/v2\/categories?post=16141"},{"taxonomy":"post_tag","embeddable":true,"href":"https:\/\/restaurantereinaelisenda.com\/ca\/wp-json\/wp\/v2\/tags?post=16141"}],"curies":[{"name":"wp","href":"https:\/\/api.w.org\/{rel}","templated":true}]}}