{"id":16136,"date":"2022-10-24T13:37:54","date_gmt":"2022-10-24T11:37:54","guid":{"rendered":"https:\/\/restaurantereinaelisenda.com\/?p=16136"},"modified":"2025-10-31T14:35:49","modified_gmt":"2025-10-31T13:35:49","slug":"5-tapes-per-a-gaudir-del-pernil-iberic","status":"publish","type":"post","link":"https:\/\/restaurantereinaelisenda.com\/ca\/5-tapes-per-a-gaudir-del-pernil-iberic\/","title":{"rendered":"5 tapes per a gaudir del pernil ib\u00e8ric"},"content":{"rendered":"<div class=\"fusion-fullwidth fullwidth-box fusion-builder-row-1 fusion-flex-container has-pattern-background has-mask-background nonhundred-percent-fullwidth non-hundred-percent-height-scrolling\" style=\"--link_hover_color: var(--awb-color8);--link_color: var(--awb-color3);--awb-border-radius-top-left:0px;--awb-border-radius-top-right:0px;--awb-border-radius-bottom-right:0px;--awb-border-radius-bottom-left:0px;--awb-padding-top:0%;--awb-padding-bottom:0%;--awb-flex-wrap:wrap;\" ><div class=\"fusion-builder-row fusion-row fusion-flex-align-items-flex-start fusion-flex-content-wrap\" style=\"max-width:1539.2px;margin-left: calc(-4% \/ 2 );margin-right: calc(-4% \/ 2 );\"><div class=\"fusion-layout-column fusion_builder_column fusion-builder-column-0 fusion_builder_column_3_4 3_4 fusion-flex-column\" style=\"--awb-bg-size:cover;--awb-width-large:75%;--awb-margin-top-large:0px;--awb-spacing-right-large:2.56%;--awb-margin-bottom-large:0%;--awb-spacing-left-large:2.56%;--awb-width-medium:75%;--awb-order-medium:0;--awb-spacing-right-medium:2.56%;--awb-spacing-left-medium:2.56%;--awb-width-small:100%;--awb-order-small:0;--awb-spacing-right-small:1.92%;--awb-spacing-left-small:1.92%;\"><div class=\"fusion-column-wrapper fusion-column-has-shadow fusion-flex-justify-content-flex-start fusion-content-layout-column\"><div class=\"fusion-text fusion-text-1\" style=\"--awb-font-size:var(--awb-typography4-font-size);--awb-line-height:var(--awb-typography4-line-height);--awb-letter-spacing:var(--awb-typography4-letter-spacing);--awb-text-transform:var(--awb-typography4-text-transform);--awb-text-font-family:var(--awb-typography4-font-family);--awb-text-font-weight:var(--awb-typography4-font-weight);--awb-text-font-style:var(--awb-typography4-font-style);\"><p>El pernil ib\u00e8ric \u00e9s un producte que ocupa un lloc molt especial en la gastronomia. Merescudament, s&#8217;ha guanyat reconeixement internacional i un lloc privilegiat dins de l&#8217;alta cuina mundial.<\/p>\n<p>Gr\u00e0cies a la seva qualitat, \u00e9s una menja exquisita que mira cara a cara a molts altres productes delicatessen, com per exemple el caviar, el foie o la t\u00f2fona.<\/p>\n<p>Com no podia ser d&#8217;una altra manera, <strong>el pernil ib\u00e8ric \u00e9s un dels productes estrella de la nostra carta<\/strong>. Si estimes el pernil ib\u00e8ric tant com nosaltres, gaudir\u00e0s amb aquestes 5 imprescindibles, ideals com a aperitius per a picar i compartir.<\/p>\n<\/div><\/div><\/div><div class=\"fusion-layout-column fusion_builder_column fusion-builder-column-1 fusion_builder_column_1_2 1_2 fusion-flex-column\" style=\"--awb-bg-size:cover;--awb-width-large:50%;--awb-margin-top-large:0px;--awb-spacing-right-large:3.84%;--awb-margin-bottom-large:0%;--awb-spacing-left-large:3.84%;--awb-width-medium:50%;--awb-order-medium:0;--awb-spacing-right-medium:3.84%;--awb-spacing-left-medium:3.84%;--awb-width-small:100%;--awb-order-small:0;--awb-spacing-right-small:1.92%;--awb-spacing-left-small:1.92%;\"><div class=\"fusion-column-wrapper fusion-column-has-shadow fusion-flex-justify-content-flex-start fusion-content-layout-column\"><div class=\"fusion-title title fusion-title-1 fusion-sep-none fusion-title-text fusion-title-size-two titlehand\" style=\"--awb-text-color:var(--awb-color3);--awb-margin-top:0px;--awb-margin-bottom:30px;--awb-margin-top-small:10px;--awb-margin-right-small:0px;--awb-margin-bottom-small:10px;--awb-margin-left-small:0px;--awb-font-size:40px;\"><h2 class=\"fusion-title-heading title-heading-left fusion-responsive-typography-calculated\" style=\"font-family:var(--awb-typography5-font-family);font-weight:var(--awb-typography5-font-weight);font-style:var(--awb-typography5-font-style);margin:0;letter-spacing:var(--awb-typography5-letter-spacing);text-transform:var(--awb-typography5-text-transform);font-size:1em;--fontSize:40;line-height:var(--awb-typography5-line-height);\">Entrants TOP amb pernil ib\u00e8ric<\/h2><\/div><div class=\"fusion-text fusion-text-2\"><p><strong>Top 1 &#8211; Taula de pernil 100% ib\u00e8ric de gla.<\/strong><br \/>Una tapa de pernil ib\u00e8ric tallat a m\u00e0 que es desf\u00e0 en el paladar sempre \u00e9s un encert.<\/p>\n<p><strong>Top 2 &#8211; Croquetes de pernil ib\u00e8ric.<\/strong><br \/>Un matrimoni d&#8217;\u00e8xit, el plat que fusiona dos pesos pesants: croquetes i pernil. Plaer per partida doble.<\/p>\n<p><strong>Top 3 &#8211; Ous estrellats amb pernil ib\u00e8ric.<\/strong><br \/>Un cl\u00e0ssic que mai falla, una combinaci\u00f3 guanyadora on ressalten sabors intensos. Per a mullar pa sense tallar-se.<\/p>\n<p><strong>Top 4 &#8211; Provolone a la brasa amb encenalls de Jabugo.<\/strong><br \/>Pernil i formatge. No fa falta dir m\u00e9s. Acompanya aquesta tapa amb una copa de vi negre i prepara&#8217;t per a gaudir.<\/p>\n<p><strong>Top 5 &#8211; Carxofes fregides<\/strong><br \/>Presentades amb pernil ib\u00e8ric, terra d&#8217;olivas negres i reducci\u00f3 de taronja s\u00f3n un espectacle.<\/p>\n<\/div><div ><a class=\"fusion-button button-flat fusion-button-default-size button-default fusion-button-default button-1 fusion-button-default-span fusion-button-default-type\" target=\"_self\" href=\"\/ca\/carta\/carns-a-la-brasa\/\"><span class=\"fusion-button-text awb-button__text awb-button__text--default\">Anar a la carta<\/span><\/a><\/div><\/div><\/div><div class=\"fusion-layout-column fusion_builder_column fusion-builder-column-2 fusion_builder_column_1_2 1_2 fusion-flex-column fusion-flex-align-self-stretch\" style=\"--awb-bg-size:cover;--awb-width-large:50%;--awb-margin-top-large:0px;--awb-spacing-right-large:3.84%;--awb-margin-bottom-large:0%;--awb-spacing-left-large:3.84%;--awb-width-medium:50%;--awb-order-medium:0;--awb-spacing-right-medium:3.84%;--awb-spacing-left-medium:3.84%;--awb-width-small:100%;--awb-order-small:0;--awb-spacing-right-small:1.92%;--awb-spacing-left-small:1.92%;\" data-scroll-devices=\"small-visibility,medium-visibility,large-visibility\"><div class=\"fusion-column-wrapper fusion-column-has-shadow fusion-flex-justify-content-center fusion-content-layout-column\"><div class=\"fusion-image-element \" style=\"--awb-caption-title-font-family:var(--h2_typography-font-family);--awb-caption-title-font-weight:var(--h2_typography-font-weight);--awb-caption-title-font-style:var(--h2_typography-font-style);--awb-caption-title-size:var(--h2_typography-font-size);--awb-caption-title-transform:var(--h2_typography-text-transform);--awb-caption-title-line-height:var(--h2_typography-line-height);--awb-caption-title-letter-spacing:var(--h2_typography-letter-spacing);\"><span class=\" fusion-imageframe imageframe-none imageframe-1 hover-type-none\"><img decoding=\"async\" width=\"595\" height=\"682\" alt=\"Restaurante braser\u00eda en Montcada i Reixac - Reina Elisenda de Montcada\" title=\"Restaurante braser\u00eda en Montcada i Reixac &#8211; Reina Elisenda de Montcada\" src=\"https:\/\/restaurantereinaelisenda.com\/wp-content\/uploads\/plato-jamon-elisenda.webp\" class=\"img-responsive wp-image-16135\" srcset=\"https:\/\/restaurantereinaelisenda.com\/wp-content\/uploads\/plato-jamon-elisenda-200x229.webp 200w, https:\/\/restaurantereinaelisenda.com\/wp-content\/uploads\/plato-jamon-elisenda-400x458.webp 400w, https:\/\/restaurantereinaelisenda.com\/wp-content\/uploads\/plato-jamon-elisenda.webp 595w\" sizes=\"(max-width: 640px) 100vw, 595px\" \/><\/span><\/div><\/div><\/div><\/div><\/div>\n","protected":false},"excerpt":{"rendered":"","protected":false},"author":1,"featured_media":16135,"comment_status":"closed","ping_status":"closed","sticky":false,"template":"","format":"standard","meta":{"_acf_changed":false,"footnotes":""},"categories":[29],"tags":[],"class_list":["post-16136","post","type-post","status-publish","format-standard","has-post-thumbnail","hentry","category-blog-cat"],"acf":[],"yoast_head":"<!-- This site is optimized with the Yoast SEO plugin v27.4 - https:\/\/yoast.com\/product\/yoast-seo-wordpress\/ -->\n<title>5 tapes amb pernil ib\u00e8ric per a gaudir en Restaurant Reina Elisenda<\/title>\n<meta name=\"description\" content=\"Si estimes el pernil ib\u00e8ric, gaudir\u00e0s amb aquestes 5 tapes imprescindibles. Des de la taula de pernil fins a les carxofes fregides, passant per les croquetes casolanes.\" \/>\n<meta name=\"robots\" content=\"index, follow, max-snippet:-1, max-image-preview:large, max-video-preview:-1\" \/>\n<link rel=\"canonical\" href=\"https:\/\/restaurantereinaelisenda.com\/ca\/5-tapes-per-a-gaudir-del-pernil-iberic\/\" \/>\n<meta property=\"og:locale\" content=\"ca_ES\" \/>\n<meta property=\"og:type\" content=\"article\" \/>\n<meta property=\"og:title\" content=\"5 tapes amb pernil ib\u00e8ric per a gaudir en Restaurant Reina Elisenda\" \/>\n<meta property=\"og:description\" content=\"Si estimes el pernil ib\u00e8ric, gaudir\u00e0s amb aquestes 5 tapes imprescindibles. Des de la taula de pernil fins a les carxofes fregides, passant per les croquetes casolanes.\" \/>\n<meta property=\"og:url\" content=\"https:\/\/restaurantereinaelisenda.com\/ca\/5-tapes-per-a-gaudir-del-pernil-iberic\/\" \/>\n<meta property=\"og:site_name\" content=\"Reina Elisenda\" \/>\n<meta property=\"article:published_time\" content=\"2022-10-24T11:37:54+00:00\" \/>\n<meta property=\"article:modified_time\" content=\"2025-10-31T13:35:49+00:00\" \/>\n<meta property=\"og:image\" content=\"https:\/\/restaurantereinaelisenda.com\/wp-content\/uploads\/plato-jamon-elisenda.webp\" \/>\n\t<meta property=\"og:image:width\" content=\"595\" \/>\n\t<meta property=\"og:image:height\" content=\"682\" \/>\n\t<meta property=\"og:image:type\" content=\"image\/webp\" \/>\n<meta name=\"author\" content=\"Reina Elisenda\" \/>\n<meta name=\"twitter:card\" content=\"summary_large_image\" \/>\n<meta name=\"twitter:label1\" content=\"Escrit per\" \/>\n\t<meta name=\"twitter:data1\" content=\"Reina Elisenda\" \/>\n\t<meta name=\"twitter:label2\" content=\"Temps estimat de lectura\" \/>\n\t<meta name=\"twitter:data2\" content=\"2 minuts\" \/>\n<script type=\"application\/ld+json\" class=\"yoast-schema-graph\">{\"@context\":\"https:\\\/\\\/schema.org\",\"@graph\":[{\"@type\":\"Article\",\"@id\":\"https:\\\/\\\/restaurantereinaelisenda.com\\\/ca\\\/5-tapes-per-a-gaudir-del-pernil-iberic\\\/#article\",\"isPartOf\":{\"@id\":\"https:\\\/\\\/restaurantereinaelisenda.com\\\/ca\\\/5-tapes-per-a-gaudir-del-pernil-iberic\\\/\"},\"author\":{\"name\":\"Reina Elisenda\",\"@id\":\"https:\\\/\\\/restaurantereinaelisenda.com\\\/ca\\\/#\\\/schema\\\/person\\\/c7944db0680f09dbd12c7bf964cccdfa\"},\"headline\":\"5 tapes per a gaudir del pernil ib\u00e8ric\",\"datePublished\":\"2022-10-24T11:37:54+00:00\",\"dateModified\":\"2025-10-31T13:35:49+00:00\",\"mainEntityOfPage\":{\"@id\":\"https:\\\/\\\/restaurantereinaelisenda.com\\\/ca\\\/5-tapes-per-a-gaudir-del-pernil-iberic\\\/\"},\"wordCount\":2745,\"image\":{\"@id\":\"https:\\\/\\\/restaurantereinaelisenda.com\\\/ca\\\/5-tapes-per-a-gaudir-del-pernil-iberic\\\/#primaryimage\"},\"thumbnailUrl\":\"https:\\\/\\\/restaurantereinaelisenda.com\\\/wp-content\\\/uploads\\\/plato-jamon-elisenda.webp\",\"articleSection\":[\"Blog CAT\"],\"inLanguage\":\"ca\"},{\"@type\":\"WebPage\",\"@id\":\"https:\\\/\\\/restaurantereinaelisenda.com\\\/ca\\\/5-tapes-per-a-gaudir-del-pernil-iberic\\\/\",\"url\":\"https:\\\/\\\/restaurantereinaelisenda.com\\\/ca\\\/5-tapes-per-a-gaudir-del-pernil-iberic\\\/\",\"name\":\"5 tapes amb pernil ib\u00e8ric per a gaudir en Restaurant Reina Elisenda\",\"isPartOf\":{\"@id\":\"https:\\\/\\\/restaurantereinaelisenda.com\\\/ca\\\/#website\"},\"primaryImageOfPage\":{\"@id\":\"https:\\\/\\\/restaurantereinaelisenda.com\\\/ca\\\/5-tapes-per-a-gaudir-del-pernil-iberic\\\/#primaryimage\"},\"image\":{\"@id\":\"https:\\\/\\\/restaurantereinaelisenda.com\\\/ca\\\/5-tapes-per-a-gaudir-del-pernil-iberic\\\/#primaryimage\"},\"thumbnailUrl\":\"https:\\\/\\\/restaurantereinaelisenda.com\\\/wp-content\\\/uploads\\\/plato-jamon-elisenda.webp\",\"datePublished\":\"2022-10-24T11:37:54+00:00\",\"dateModified\":\"2025-10-31T13:35:49+00:00\",\"author\":{\"@id\":\"https:\\\/\\\/restaurantereinaelisenda.com\\\/ca\\\/#\\\/schema\\\/person\\\/c7944db0680f09dbd12c7bf964cccdfa\"},\"description\":\"Si estimes el pernil ib\u00e8ric, gaudir\u00e0s amb aquestes 5 tapes imprescindibles. Des de la taula de pernil fins a les carxofes fregides, passant per les croquetes casolanes.\",\"breadcrumb\":{\"@id\":\"https:\\\/\\\/restaurantereinaelisenda.com\\\/ca\\\/5-tapes-per-a-gaudir-del-pernil-iberic\\\/#breadcrumb\"},\"inLanguage\":\"ca\",\"potentialAction\":[{\"@type\":\"ReadAction\",\"target\":[\"https:\\\/\\\/restaurantereinaelisenda.com\\\/ca\\\/5-tapes-per-a-gaudir-del-pernil-iberic\\\/\"]}]},{\"@type\":\"ImageObject\",\"inLanguage\":\"ca\",\"@id\":\"https:\\\/\\\/restaurantereinaelisenda.com\\\/ca\\\/5-tapes-per-a-gaudir-del-pernil-iberic\\\/#primaryimage\",\"url\":\"https:\\\/\\\/restaurantereinaelisenda.com\\\/wp-content\\\/uploads\\\/plato-jamon-elisenda.webp\",\"contentUrl\":\"https:\\\/\\\/restaurantereinaelisenda.com\\\/wp-content\\\/uploads\\\/plato-jamon-elisenda.webp\",\"width\":595,\"height\":682,\"caption\":\"Restaurante braser\u00eda en Montcada i Reixac - Reina Elisenda de Montcada\"},{\"@type\":\"BreadcrumbList\",\"@id\":\"https:\\\/\\\/restaurantereinaelisenda.com\\\/ca\\\/5-tapes-per-a-gaudir-del-pernil-iberic\\\/#breadcrumb\",\"itemListElement\":[{\"@type\":\"ListItem\",\"position\":1,\"name\":\"Inicio\",\"item\":\"https:\\\/\\\/restaurantereinaelisenda.com\\\/ca\\\/\"},{\"@type\":\"ListItem\",\"position\":2,\"name\":\"5 tapes per a gaudir del pernil ib\u00e8ric\"}]},{\"@type\":\"WebSite\",\"@id\":\"https:\\\/\\\/restaurantereinaelisenda.com\\\/ca\\\/#website\",\"url\":\"https:\\\/\\\/restaurantereinaelisenda.com\\\/ca\\\/\",\"name\":\"Reina Elisenda\",\"description\":\"\",\"potentialAction\":[{\"@type\":\"SearchAction\",\"target\":{\"@type\":\"EntryPoint\",\"urlTemplate\":\"https:\\\/\\\/restaurantereinaelisenda.com\\\/ca\\\/?s={search_term_string}\"},\"query-input\":{\"@type\":\"PropertyValueSpecification\",\"valueRequired\":true,\"valueName\":\"search_term_string\"}}],\"inLanguage\":\"ca\"},{\"@type\":\"Person\",\"@id\":\"https:\\\/\\\/restaurantereinaelisenda.com\\\/ca\\\/#\\\/schema\\\/person\\\/c7944db0680f09dbd12c7bf964cccdfa\",\"name\":\"Reina Elisenda\",\"sameAs\":[\"https:\\\/\\\/restaurantereinaelisenda.com\"],\"url\":\"https:\\\/\\\/restaurantereinaelisenda.com\\\/ca\\\/author\\\/qualitywp\\\/\"}]}<\/script>\n<!-- \/ Yoast SEO plugin. -->","yoast_head_json":{"title":"5 tapes amb pernil ib\u00e8ric per a gaudir en Restaurant Reina Elisenda","description":"Si estimes el pernil ib\u00e8ric, gaudir\u00e0s amb aquestes 5 tapes imprescindibles. Des de la taula de pernil fins a les carxofes fregides, passant per les croquetes casolanes.","robots":{"index":"index","follow":"follow","max-snippet":"max-snippet:-1","max-image-preview":"max-image-preview:large","max-video-preview":"max-video-preview:-1"},"canonical":"https:\/\/restaurantereinaelisenda.com\/ca\/5-tapes-per-a-gaudir-del-pernil-iberic\/","og_locale":"ca_ES","og_type":"article","og_title":"5 tapes amb pernil ib\u00e8ric per a gaudir en Restaurant Reina Elisenda","og_description":"Si estimes el pernil ib\u00e8ric, gaudir\u00e0s amb aquestes 5 tapes imprescindibles. Des de la taula de pernil fins a les carxofes fregides, passant per les croquetes casolanes.","og_url":"https:\/\/restaurantereinaelisenda.com\/ca\/5-tapes-per-a-gaudir-del-pernil-iberic\/","og_site_name":"Reina Elisenda","article_published_time":"2022-10-24T11:37:54+00:00","article_modified_time":"2025-10-31T13:35:49+00:00","og_image":[{"width":595,"height":682,"url":"https:\/\/restaurantereinaelisenda.com\/wp-content\/uploads\/plato-jamon-elisenda.webp","type":"image\/webp"}],"author":"Reina Elisenda","twitter_card":"summary_large_image","twitter_misc":{"Escrit per":"Reina Elisenda","Temps estimat de lectura":"2 minuts"},"schema":{"@context":"https:\/\/schema.org","@graph":[{"@type":"Article","@id":"https:\/\/restaurantereinaelisenda.com\/ca\/5-tapes-per-a-gaudir-del-pernil-iberic\/#article","isPartOf":{"@id":"https:\/\/restaurantereinaelisenda.com\/ca\/5-tapes-per-a-gaudir-del-pernil-iberic\/"},"author":{"name":"Reina Elisenda","@id":"https:\/\/restaurantereinaelisenda.com\/ca\/#\/schema\/person\/c7944db0680f09dbd12c7bf964cccdfa"},"headline":"5 tapes per a gaudir del pernil ib\u00e8ric","datePublished":"2022-10-24T11:37:54+00:00","dateModified":"2025-10-31T13:35:49+00:00","mainEntityOfPage":{"@id":"https:\/\/restaurantereinaelisenda.com\/ca\/5-tapes-per-a-gaudir-del-pernil-iberic\/"},"wordCount":2745,"image":{"@id":"https:\/\/restaurantereinaelisenda.com\/ca\/5-tapes-per-a-gaudir-del-pernil-iberic\/#primaryimage"},"thumbnailUrl":"https:\/\/restaurantereinaelisenda.com\/wp-content\/uploads\/plato-jamon-elisenda.webp","articleSection":["Blog CAT"],"inLanguage":"ca"},{"@type":"WebPage","@id":"https:\/\/restaurantereinaelisenda.com\/ca\/5-tapes-per-a-gaudir-del-pernil-iberic\/","url":"https:\/\/restaurantereinaelisenda.com\/ca\/5-tapes-per-a-gaudir-del-pernil-iberic\/","name":"5 tapes amb pernil ib\u00e8ric per a gaudir en Restaurant Reina Elisenda","isPartOf":{"@id":"https:\/\/restaurantereinaelisenda.com\/ca\/#website"},"primaryImageOfPage":{"@id":"https:\/\/restaurantereinaelisenda.com\/ca\/5-tapes-per-a-gaudir-del-pernil-iberic\/#primaryimage"},"image":{"@id":"https:\/\/restaurantereinaelisenda.com\/ca\/5-tapes-per-a-gaudir-del-pernil-iberic\/#primaryimage"},"thumbnailUrl":"https:\/\/restaurantereinaelisenda.com\/wp-content\/uploads\/plato-jamon-elisenda.webp","datePublished":"2022-10-24T11:37:54+00:00","dateModified":"2025-10-31T13:35:49+00:00","author":{"@id":"https:\/\/restaurantereinaelisenda.com\/ca\/#\/schema\/person\/c7944db0680f09dbd12c7bf964cccdfa"},"description":"Si estimes el pernil ib\u00e8ric, gaudir\u00e0s amb aquestes 5 tapes imprescindibles. Des de la taula de pernil fins a les carxofes fregides, passant per les croquetes casolanes.","breadcrumb":{"@id":"https:\/\/restaurantereinaelisenda.com\/ca\/5-tapes-per-a-gaudir-del-pernil-iberic\/#breadcrumb"},"inLanguage":"ca","potentialAction":[{"@type":"ReadAction","target":["https:\/\/restaurantereinaelisenda.com\/ca\/5-tapes-per-a-gaudir-del-pernil-iberic\/"]}]},{"@type":"ImageObject","inLanguage":"ca","@id":"https:\/\/restaurantereinaelisenda.com\/ca\/5-tapes-per-a-gaudir-del-pernil-iberic\/#primaryimage","url":"https:\/\/restaurantereinaelisenda.com\/wp-content\/uploads\/plato-jamon-elisenda.webp","contentUrl":"https:\/\/restaurantereinaelisenda.com\/wp-content\/uploads\/plato-jamon-elisenda.webp","width":595,"height":682,"caption":"Restaurante braser\u00eda en Montcada i Reixac - Reina Elisenda de Montcada"},{"@type":"BreadcrumbList","@id":"https:\/\/restaurantereinaelisenda.com\/ca\/5-tapes-per-a-gaudir-del-pernil-iberic\/#breadcrumb","itemListElement":[{"@type":"ListItem","position":1,"name":"Inicio","item":"https:\/\/restaurantereinaelisenda.com\/ca\/"},{"@type":"ListItem","position":2,"name":"5 tapes per a gaudir del pernil ib\u00e8ric"}]},{"@type":"WebSite","@id":"https:\/\/restaurantereinaelisenda.com\/ca\/#website","url":"https:\/\/restaurantereinaelisenda.com\/ca\/","name":"Reina Elisenda","description":"","potentialAction":[{"@type":"SearchAction","target":{"@type":"EntryPoint","urlTemplate":"https:\/\/restaurantereinaelisenda.com\/ca\/?s={search_term_string}"},"query-input":{"@type":"PropertyValueSpecification","valueRequired":true,"valueName":"search_term_string"}}],"inLanguage":"ca"},{"@type":"Person","@id":"https:\/\/restaurantereinaelisenda.com\/ca\/#\/schema\/person\/c7944db0680f09dbd12c7bf964cccdfa","name":"Reina Elisenda","sameAs":["https:\/\/restaurantereinaelisenda.com"],"url":"https:\/\/restaurantereinaelisenda.com\/ca\/author\/qualitywp\/"}]}},"_links":{"self":[{"href":"https:\/\/restaurantereinaelisenda.com\/ca\/wp-json\/wp\/v2\/posts\/16136","targetHints":{"allow":["GET"]}}],"collection":[{"href":"https:\/\/restaurantereinaelisenda.com\/ca\/wp-json\/wp\/v2\/posts"}],"about":[{"href":"https:\/\/restaurantereinaelisenda.com\/ca\/wp-json\/wp\/v2\/types\/post"}],"author":[{"embeddable":true,"href":"https:\/\/restaurantereinaelisenda.com\/ca\/wp-json\/wp\/v2\/users\/1"}],"replies":[{"embeddable":true,"href":"https:\/\/restaurantereinaelisenda.com\/ca\/wp-json\/wp\/v2\/comments?post=16136"}],"version-history":[{"count":4,"href":"https:\/\/restaurantereinaelisenda.com\/ca\/wp-json\/wp\/v2\/posts\/16136\/revisions"}],"predecessor-version":[{"id":16748,"href":"https:\/\/restaurantereinaelisenda.com\/ca\/wp-json\/wp\/v2\/posts\/16136\/revisions\/16748"}],"wp:featuredmedia":[{"embeddable":true,"href":"https:\/\/restaurantereinaelisenda.com\/ca\/wp-json\/wp\/v2\/media\/16135"}],"wp:attachment":[{"href":"https:\/\/restaurantereinaelisenda.com\/ca\/wp-json\/wp\/v2\/media?parent=16136"}],"wp:term":[{"taxonomy":"category","embeddable":true,"href":"https:\/\/restaurantereinaelisenda.com\/ca\/wp-json\/wp\/v2\/categories?post=16136"},{"taxonomy":"post_tag","embeddable":true,"href":"https:\/\/restaurantereinaelisenda.com\/ca\/wp-json\/wp\/v2\/tags?post=16136"}],"curies":[{"name":"wp","href":"https:\/\/api.w.org\/{rel}","templated":true}]}}